{"id":14678,"date":"2023-03-02T11:31:37","date_gmt":"2023-03-02T11:31:37","guid":{"rendered":"https:\/\/camitimpianti.it\/?p=14678"},"modified":"2023-03-02T15:12:34","modified_gmt":"2023-03-02T15:12:34","slug":"intervista-a-roberto-carrieri-su-meccanica","status":"publish","type":"post","link":"https:\/\/camitimpianti.it\/it\/intervista-a-roberto-carrieri-su-meccanica\/","title":{"rendered":"Intervista a Roberto Carrieri su rivista &#8220;Meccanica&#8221;"},"content":{"rendered":"\n<div class=\"wp-block-media-text is-stacked-on-mobile is-vertically-aligned-top\"><figure class=\"wp-block-media-text__media\"><img loading=\"lazy\" decoding=\"async\" width=\"500\" height=\"696\" src=\"https:\/\/camitimpianti.it\/wp-content\/uploads\/2023\/03\/Meccanica-FEB2023-1.jpg\" alt=\"\" class=\"wp-image-14679 size-full\" srcset=\"https:\/\/camitimpianti.it\/wp-content\/uploads\/2023\/03\/Meccanica-FEB2023-1.jpg 500w, https:\/\/camitimpianti.it\/wp-content\/uploads\/2023\/03\/Meccanica-FEB2023-1-216x300.jpg 216w\" sizes=\"auto, (max-width: 500px) 100vw, 500px\" \/><\/figure><div class=\"wp-block-media-text__content\">\n<p>Siamo orgogliosi di annunciare che il <a href=\"https:\/\/rimor.eu\">Gruppo Rimor<\/a> \u00e8 stato inserito in \u201c<strong>Meccanica<\/strong>\u201d, rivista settoriale dell\u2019industria italiana pubblicata in abbinamento a Il Sole 24 Ore di Febbraio 2023.<\/p>\n\n\n\n<p><strong>La pubblicazione su una rivista \u00e8 un&#8217;opportunit\u00e0 preziosa per qualsiasi azienda per condividere la propria storia<\/strong>, il percorso fatto sinora e alcuni importanti cambiamenti interni. \u00c8 anche un&#8217;ottima occasione per interagire con potenziali clienti e fidelizzare il marchio presso quelli storici. Inoltre, complice la rivoluzione digitale degli ultimi anni, anche le riviste digitali stanno diventando sempre pi\u00f9 popolari; \u00e8 quindi essenziale per le aziende sfruttare questo mezzo per condividere le loro storie con il mondo. Nel nostro caso, <strong>quest\u2019intervista a Meccanica rappresenta<\/strong><\/p>\n\n\n\n<p><\/p>\n<\/div><\/div>\n\n\n\n<p><strong>il nostro manifesto d&#8217;intenti per quest\u2019anno<\/strong> e siamo molto entusiasti di condividerlo. Il nostro <strong>Roberto Carrieri<\/strong>, responsabile commerciale della divisione impianti, si \u00e8 gentilmente prestato all&#8217;intervista e <strong>vi illustrer\u00e0<\/strong> alcuni dei cambiamenti pi\u00f9 importanti che abbiamo apportato nel corso degli anni: <strong>i miglioramenti <\/strong>che abbiamo apportato nel tempo ai nostri progetti <strong>e le misure di risparmio energetico ed economico che abbiamo implementato per alcuni prodotti<\/strong>. \u00c8 la prova del duro lavoro e della dedizione che il nostro personale ha dedicato al successo di questa azienda. Ci auguriamo che questo articolo ispiri a lottare per l&#8217;eccellenza e ad avere un impatto positivo sui rispettivi settori.<\/p>\n\n\n\n<p>Ringraziamo GOLFARELLI EDITORE INTERNATIONAL GROUP S.R.L. per l&#8217;opportunit\u00e0. Se non doveste trovarlo pi\u00f9 in edicola, lo stesso inserto sar\u00e0 disponibile in occasione del MECSPE 2023, oppure potete scaricare l&#8217;articolo completo cliccando sul bottone qui sotto.<\/p>\n\n\n\n<p>Clicca sul pulsante e scarica l\u2019articolo completo <a href=\"https:\/\/camitimpianti.it\/news\/Meccanica%20FEB2023.pdf\" target=\"_blank\" rel=\"noreferrer noopener\"><img loading=\"lazy\" decoding=\"async\" width=\"138\" height=\"50\" class=\"wp-image-14686\" style=\"width: 138px;\" src=\"https:\/\/camitimpianti.it\/wp-content\/uploads\/2023\/03\/cta-1.jpg\" alt=\"Scarica l'articolo completo\"><\/a><\/p>\n\n\n\n<p>Restiamo a disposizione insieme a tutto lo staff per offrirvi una consulenza personalizzata! <a href=\"https:\/\/camitimpianti.it\/it\/contatti\/\">Contattateci<\/a><\/p>\n","protected":false},"excerpt":{"rendered":"<p>Siamo orgogliosi di annunciare che il Gruppo Rimor \u00e8 stato inserito in \u201cMeccanica\u201d, rivista settoriale dell\u2019industria italiana pubblicata in abbinamento<\/p>\n","protected":false},"author":5,"featured_media":0,"comment_status":"closed","ping_status":"open","sticky":false,"template":"","format":"standard","meta":{"colormag_page_container_layout":"default_layout","colormag_page_sidebar_layout":"default_layout","footnotes":""},"categories":[151],"tags":[],"class_list":["post-14678","post","type-post","status-publish","format-standard","hentry","category-blog"],"yoast_head":"<!-- This site is optimized with the Yoast SEO plugin v27.1.1 - https:\/\/yoast.com\/product\/yoast-seo-wordpress\/ -->\n<title>Intervista a Roberto Carrieri su Meccanica<\/title>\n<meta name=\"description\" content=\"Roberto Carrieri intervistato da Meccanica illustra le misure di risparmio energetico ed economico implementati sui prodotti con brand Camit\" \/>\n<meta name=\"robots\" content=\"index, follow, max-snippet:-1, max-image-preview:large, max-video-preview:-1\" \/>\n<link rel=\"canonical\" href=\"https:\/\/camitimpianti.it\/it\/intervista-a-roberto-carrieri-su-meccanica\/\" \/>\n<meta property=\"og:locale\" content=\"it_IT\" \/>\n<meta property=\"og:type\" content=\"article\" \/>\n<meta property=\"og:title\" content=\"Intervista a Roberto Carrieri su Meccanica\" \/>\n<meta property=\"og:description\" content=\"Roberto Carrieri intervistato da Meccanica illustra le misure di risparmio energetico ed economico implementati sui prodotti con brand Camit\" \/>\n<meta property=\"og:url\" content=\"https:\/\/camitimpianti.it\/it\/intervista-a-roberto-carrieri-su-meccanica\/\" \/>\n<meta property=\"og:site_name\" content=\"Camit Impianti di Sabbiatura e Verniciatura\" \/>\n<meta property=\"article:published_time\" content=\"2023-03-02T11:31:37+00:00\" \/>\n<meta property=\"article:modified_time\" content=\"2023-03-02T15:12:34+00:00\" \/>\n<meta property=\"og:image\" content=\"https:\/\/camitimpianti.it\/wp-content\/uploads\/2023\/03\/Meccanica-FEB2023-1.jpg\" \/>\n<meta name=\"author\" content=\"arturo messina\" \/>\n<meta name=\"twitter:card\" content=\"summary_large_image\" \/>\n<meta name=\"twitter:label1\" content=\"Scritto da\" \/>\n\t<meta name=\"twitter:data1\" content=\"arturo messina\" \/>\n\t<meta name=\"twitter:label2\" content=\"Tempo di lettura stimato\" \/>\n\t<meta name=\"twitter:data2\" content=\"2 minuti\" \/>\n<script type=\"application\/ld+json\" class=\"yoast-schema-graph\">{\"@context\":\"https:\/\/schema.org\",\"@graph\":[{\"@type\":\"Article\",\"@id\":\"https:\/\/camitimpianti.it\/it\/intervista-a-roberto-carrieri-su-meccanica\/#article\",\"isPartOf\":{\"@id\":\"https:\/\/camitimpianti.it\/it\/intervista-a-roberto-carrieri-su-meccanica\/\"},\"author\":{\"name\":\"arturo messina\",\"@id\":\"https:\/\/camitimpianti.it\/it\/#\/schema\/person\/200d9150c0c9e6ba66a67b26f8cd6af2\"},\"headline\":\"Intervista a Roberto Carrieri su rivista &#8220;Meccanica&#8221;\",\"datePublished\":\"2023-03-02T11:31:37+00:00\",\"dateModified\":\"2023-03-02T15:12:34+00:00\",\"mainEntityOfPage\":{\"@id\":\"https:\/\/camitimpianti.it\/it\/intervista-a-roberto-carrieri-su-meccanica\/\"},\"wordCount\":274,\"publisher\":{\"@id\":\"https:\/\/camitimpianti.it\/it\/#organization\"},\"image\":{\"@id\":\"https:\/\/camitimpianti.it\/it\/intervista-a-roberto-carrieri-su-meccanica\/#primaryimage\"},\"thumbnailUrl\":\"https:\/\/camitimpianti.it\/wp-content\/uploads\/2023\/03\/Meccanica-FEB2023-1.jpg\",\"articleSection\":[\"Blog\"],\"inLanguage\":\"it-IT\"},{\"@type\":\"WebPage\",\"@id\":\"https:\/\/camitimpianti.it\/it\/intervista-a-roberto-carrieri-su-meccanica\/\",\"url\":\"https:\/\/camitimpianti.it\/it\/intervista-a-roberto-carrieri-su-meccanica\/\",\"name\":\"Intervista a Roberto Carrieri su Meccanica\",\"isPartOf\":{\"@id\":\"https:\/\/camitimpianti.it\/it\/#website\"},\"primaryImageOfPage\":{\"@id\":\"https:\/\/camitimpianti.it\/it\/intervista-a-roberto-carrieri-su-meccanica\/#primaryimage\"},\"image\":{\"@id\":\"https:\/\/camitimpianti.it\/it\/intervista-a-roberto-carrieri-su-meccanica\/#primaryimage\"},\"thumbnailUrl\":\"https:\/\/camitimpianti.it\/wp-content\/uploads\/2023\/03\/Meccanica-FEB2023-1.jpg\",\"datePublished\":\"2023-03-02T11:31:37+00:00\",\"dateModified\":\"2023-03-02T15:12:34+00:00\",\"description\":\"Roberto Carrieri intervistato da Meccanica illustra le misure di risparmio energetico ed economico implementati sui prodotti con brand Camit\",\"breadcrumb\":{\"@id\":\"https:\/\/camitimpianti.it\/it\/intervista-a-roberto-carrieri-su-meccanica\/#breadcrumb\"},\"inLanguage\":\"it-IT\",\"potentialAction\":[{\"@type\":\"ReadAction\",\"target\":[\"https:\/\/camitimpianti.it\/it\/intervista-a-roberto-carrieri-su-meccanica\/\"]}]},{\"@type\":\"ImageObject\",\"inLanguage\":\"it-IT\",\"@id\":\"https:\/\/camitimpianti.it\/it\/intervista-a-roberto-carrieri-su-meccanica\/#primaryimage\",\"url\":\"https:\/\/camitimpianti.it\/wp-content\/uploads\/2023\/03\/Meccanica-FEB2023-1.jpg\",\"contentUrl\":\"https:\/\/camitimpianti.it\/wp-content\/uploads\/2023\/03\/Meccanica-FEB2023-1.jpg\"},{\"@type\":\"BreadcrumbList\",\"@id\":\"https:\/\/camitimpianti.it\/it\/intervista-a-roberto-carrieri-su-meccanica\/#breadcrumb\",\"itemListElement\":[{\"@type\":\"ListItem\",\"position\":1,\"name\":\"Home\",\"item\":\"https:\/\/camitimpianti.it\/it\/\"},{\"@type\":\"ListItem\",\"position\":2,\"name\":\"Intervista a Roberto Carrieri su rivista &#8220;Meccanica&#8221;\"}]},{\"@type\":\"WebSite\",\"@id\":\"https:\/\/camitimpianti.it\/it\/#website\",\"url\":\"https:\/\/camitimpianti.it\/it\/\",\"name\":\"Camit Impianti di Sabbiatura e Verniciatura\",\"description\":\"\",\"publisher\":{\"@id\":\"https:\/\/camitimpianti.it\/it\/#organization\"},\"potentialAction\":[{\"@type\":\"SearchAction\",\"target\":{\"@type\":\"EntryPoint\",\"urlTemplate\":\"https:\/\/camitimpianti.it\/it\/?s={search_term_string}\"},\"query-input\":{\"@type\":\"PropertyValueSpecification\",\"valueRequired\":true,\"valueName\":\"search_term_string\"}}],\"inLanguage\":\"it-IT\"},{\"@type\":\"Organization\",\"@id\":\"https:\/\/camitimpianti.it\/it\/#organization\",\"name\":\"Camit Impianti di Sabbiatura e Verniciatura\",\"url\":\"https:\/\/camitimpianti.it\/it\/\",\"logo\":{\"@type\":\"ImageObject\",\"inLanguage\":\"it-IT\",\"@id\":\"https:\/\/camitimpianti.it\/it\/#\/schema\/logo\/image\/\",\"url\":\"https:\/\/camitimpianti.it\/wp-content\/uploads\/2023\/09\/cropped-LOGO-e-camit.png\",\"contentUrl\":\"https:\/\/camitimpianti.it\/wp-content\/uploads\/2023\/09\/cropped-LOGO-e-camit.png\",\"width\":434,\"height\":125,\"caption\":\"Camit Impianti di Sabbiatura e Verniciatura\"},\"image\":{\"@id\":\"https:\/\/camitimpianti.it\/it\/#\/schema\/logo\/image\/\"}},{\"@type\":\"Person\",\"@id\":\"https:\/\/camitimpianti.it\/it\/#\/schema\/person\/200d9150c0c9e6ba66a67b26f8cd6af2\",\"name\":\"arturo messina\",\"image\":{\"@type\":\"ImageObject\",\"inLanguage\":\"it-IT\",\"@id\":\"https:\/\/camitimpianti.it\/it\/#\/schema\/person\/image\/\",\"url\":\"https:\/\/secure.gravatar.com\/avatar\/2ffd4f34d9c0a4e5d558b92409871308eb58d40f2caf0231c8702267e171519d?s=96&d=mm&r=g\",\"contentUrl\":\"https:\/\/secure.gravatar.com\/avatar\/2ffd4f34d9c0a4e5d558b92409871308eb58d40f2caf0231c8702267e171519d?s=96&d=mm&r=g\",\"caption\":\"arturo messina\"},\"url\":\"https:\/\/camitimpianti.it\/it\/author\/arturo\/\"}]}<\/script>\n<!-- \/ Yoast SEO plugin. -->","yoast_head_json":{"title":"Intervista a Roberto Carrieri su Meccanica","description":"Roberto Carrieri intervistato da Meccanica illustra le misure di risparmio energetico ed economico implementati sui prodotti con brand Camit","robots":{"index":"index","follow":"follow","max-snippet":"max-snippet:-1","max-image-preview":"max-image-preview:large","max-video-preview":"max-video-preview:-1"},"canonical":"https:\/\/camitimpianti.it\/it\/intervista-a-roberto-carrieri-su-meccanica\/","og_locale":"it_IT","og_type":"article","og_title":"Intervista a Roberto Carrieri su Meccanica","og_description":"Roberto Carrieri intervistato da Meccanica illustra le misure di risparmio energetico ed economico implementati sui prodotti con brand Camit","og_url":"https:\/\/camitimpianti.it\/it\/intervista-a-roberto-carrieri-su-meccanica\/","og_site_name":"Camit Impianti di Sabbiatura e Verniciatura","article_published_time":"2023-03-02T11:31:37+00:00","article_modified_time":"2023-03-02T15:12:34+00:00","og_image":[{"url":"https:\/\/camitimpianti.it\/wp-content\/uploads\/2023\/03\/Meccanica-FEB2023-1.jpg","type":"","width":"","height":""}],"author":"arturo messina","twitter_card":"summary_large_image","twitter_misc":{"Scritto da":"arturo messina","Tempo di lettura stimato":"2 minuti"},"schema":{"@context":"https:\/\/schema.org","@graph":[{"@type":"Article","@id":"https:\/\/camitimpianti.it\/it\/intervista-a-roberto-carrieri-su-meccanica\/#article","isPartOf":{"@id":"https:\/\/camitimpianti.it\/it\/intervista-a-roberto-carrieri-su-meccanica\/"},"author":{"name":"arturo messina","@id":"https:\/\/camitimpianti.it\/it\/#\/schema\/person\/200d9150c0c9e6ba66a67b26f8cd6af2"},"headline":"Intervista a Roberto Carrieri su rivista &#8220;Meccanica&#8221;","datePublished":"2023-03-02T11:31:37+00:00","dateModified":"2023-03-02T15:12:34+00:00","mainEntityOfPage":{"@id":"https:\/\/camitimpianti.it\/it\/intervista-a-roberto-carrieri-su-meccanica\/"},"wordCount":274,"publisher":{"@id":"https:\/\/camitimpianti.it\/it\/#organization"},"image":{"@id":"https:\/\/camitimpianti.it\/it\/intervista-a-roberto-carrieri-su-meccanica\/#primaryimage"},"thumbnailUrl":"https:\/\/camitimpianti.it\/wp-content\/uploads\/2023\/03\/Meccanica-FEB2023-1.jpg","articleSection":["Blog"],"inLanguage":"it-IT"},{"@type":"WebPage","@id":"https:\/\/camitimpianti.it\/it\/intervista-a-roberto-carrieri-su-meccanica\/","url":"https:\/\/camitimpianti.it\/it\/intervista-a-roberto-carrieri-su-meccanica\/","name":"Intervista a Roberto Carrieri su Meccanica","isPartOf":{"@id":"https:\/\/camitimpianti.it\/it\/#website"},"primaryImageOfPage":{"@id":"https:\/\/camitimpianti.it\/it\/intervista-a-roberto-carrieri-su-meccanica\/#primaryimage"},"image":{"@id":"https:\/\/camitimpianti.it\/it\/intervista-a-roberto-carrieri-su-meccanica\/#primaryimage"},"thumbnailUrl":"https:\/\/camitimpianti.it\/wp-content\/uploads\/2023\/03\/Meccanica-FEB2023-1.jpg","datePublished":"2023-03-02T11:31:37+00:00","dateModified":"2023-03-02T15:12:34+00:00","description":"Roberto Carrieri intervistato da Meccanica illustra le misure di risparmio energetico ed economico implementati sui prodotti con brand Camit","breadcrumb":{"@id":"https:\/\/camitimpianti.it\/it\/intervista-a-roberto-carrieri-su-meccanica\/#breadcrumb"},"inLanguage":"it-IT","potentialAction":[{"@type":"ReadAction","target":["https:\/\/camitimpianti.it\/it\/intervista-a-roberto-carrieri-su-meccanica\/"]}]},{"@type":"ImageObject","inLanguage":"it-IT","@id":"https:\/\/camitimpianti.it\/it\/intervista-a-roberto-carrieri-su-meccanica\/#primaryimage","url":"https:\/\/camitimpianti.it\/wp-content\/uploads\/2023\/03\/Meccanica-FEB2023-1.jpg","contentUrl":"https:\/\/camitimpianti.it\/wp-content\/uploads\/2023\/03\/Meccanica-FEB2023-1.jpg"},{"@type":"BreadcrumbList","@id":"https:\/\/camitimpianti.it\/it\/intervista-a-roberto-carrieri-su-meccanica\/#breadcrumb","itemListElement":[{"@type":"ListItem","position":1,"name":"Home","item":"https:\/\/camitimpianti.it\/it\/"},{"@type":"ListItem","position":2,"name":"Intervista a Roberto Carrieri su rivista &#8220;Meccanica&#8221;"}]},{"@type":"WebSite","@id":"https:\/\/camitimpianti.it\/it\/#website","url":"https:\/\/camitimpianti.it\/it\/","name":"Camit Impianti di Sabbiatura e Verniciatura","description":"","publisher":{"@id":"https:\/\/camitimpianti.it\/it\/#organization"},"potentialAction":[{"@type":"SearchAction","target":{"@type":"EntryPoint","urlTemplate":"https:\/\/camitimpianti.it\/it\/?s={search_term_string}"},"query-input":{"@type":"PropertyValueSpecification","valueRequired":true,"valueName":"search_term_string"}}],"inLanguage":"it-IT"},{"@type":"Organization","@id":"https:\/\/camitimpianti.it\/it\/#organization","name":"Camit Impianti di Sabbiatura e Verniciatura","url":"https:\/\/camitimpianti.it\/it\/","logo":{"@type":"ImageObject","inLanguage":"it-IT","@id":"https:\/\/camitimpianti.it\/it\/#\/schema\/logo\/image\/","url":"https:\/\/camitimpianti.it\/wp-content\/uploads\/2023\/09\/cropped-LOGO-e-camit.png","contentUrl":"https:\/\/camitimpianti.it\/wp-content\/uploads\/2023\/09\/cropped-LOGO-e-camit.png","width":434,"height":125,"caption":"Camit Impianti di Sabbiatura e Verniciatura"},"image":{"@id":"https:\/\/camitimpianti.it\/it\/#\/schema\/logo\/image\/"}},{"@type":"Person","@id":"https:\/\/camitimpianti.it\/it\/#\/schema\/person\/200d9150c0c9e6ba66a67b26f8cd6af2","name":"arturo messina","image":{"@type":"ImageObject","inLanguage":"it-IT","@id":"https:\/\/camitimpianti.it\/it\/#\/schema\/person\/image\/","url":"https:\/\/secure.gravatar.com\/avatar\/2ffd4f34d9c0a4e5d558b92409871308eb58d40f2caf0231c8702267e171519d?s=96&d=mm&r=g","contentUrl":"https:\/\/secure.gravatar.com\/avatar\/2ffd4f34d9c0a4e5d558b92409871308eb58d40f2caf0231c8702267e171519d?s=96&d=mm&r=g","caption":"arturo messina"},"url":"https:\/\/camitimpianti.it\/it\/author\/arturo\/"}]}},"_links":{"self":[{"href":"https:\/\/camitimpianti.it\/it\/wp-json\/wp\/v2\/posts\/14678","targetHints":{"allow":["GET"]}}],"collection":[{"href":"https:\/\/camitimpianti.it\/it\/wp-json\/wp\/v2\/posts"}],"about":[{"href":"https:\/\/camitimpianti.it\/it\/wp-json\/wp\/v2\/types\/post"}],"author":[{"embeddable":true,"href":"https:\/\/camitimpianti.it\/it\/wp-json\/wp\/v2\/users\/5"}],"replies":[{"embeddable":true,"href":"https:\/\/camitimpianti.it\/it\/wp-json\/wp\/v2\/comments?post=14678"}],"version-history":[{"count":8,"href":"https:\/\/camitimpianti.it\/it\/wp-json\/wp\/v2\/posts\/14678\/revisions"}],"predecessor-version":[{"id":14698,"href":"https:\/\/camitimpianti.it\/it\/wp-json\/wp\/v2\/posts\/14678\/revisions\/14698"}],"wp:attachment":[{"href":"https:\/\/camitimpianti.it\/it\/wp-json\/wp\/v2\/media?parent=14678"}],"wp:term":[{"taxonomy":"category","embeddable":true,"href":"https:\/\/camitimpianti.it\/it\/wp-json\/wp\/v2\/categories?post=14678"},{"taxonomy":"post_tag","embeddable":true,"href":"https:\/\/camitimpianti.it\/it\/wp-json\/wp\/v2\/tags?post=14678"}],"curies":[{"name":"wp","href":"https:\/\/api.w.org\/{rel}","templated":true}]}}